{"id":75254,"date":"2026-04-23T11:15:04","date_gmt":"2026-04-23T09:15:04","guid":{"rendered":"https:\/\/www.nonsoloflaminia.it\/?p=75254"},"modified":"2026-04-23T11:15:17","modified_gmt":"2026-04-23T09:15:17","slug":"pd-fano-ha-vinto-il-congresso-ma-perso-il-partito","status":"publish","type":"post","link":"https:\/\/www.nonsoloflaminia.it\/index.php\/2026\/04\/23\/pd-fano-ha-vinto-il-congresso-ma-perso-il-partito\/","title":{"rendered":"Pd Fano, ha vinto il congresso, ma perso il partito"},"content":{"rendered":"<p style=\"text-align: justify;\"><span style=\"color: #00ffff;\"><strong><em>Solo il 44% degli iscritti vota la candidata unica: un congresso solitario consegna una segreteria debole, nata da una conta interna che divide e allontana il PD dalla citt\u00e0<\/em><\/strong><\/span><\/p>\n<p style=\"text-align: justify;\">I numeri finali parlano da soli: su 399 iscritti, nelle assemblee congressuali del PD Fano hanno votato in 184. Di questi, 176 a favore dell\u2019unica candidata, con 8 schede bianche o nulle.\u00a0Tradotto: meno della met\u00e0 degli iscritti ha partecipato e la candidata viene eletta con il consenso del 44% del totale degli iscritti, mentre il 56% non l\u2019ha sostenuta o non ha partecipato.\u00a0Un risultato che dice due cose molto semplici: questo congresso nasceva e resta divisivo e, soprattutto, non ha rafforzato il partito, ma lo ha consumato per logiche personalistiche.\u00a0Dopo due sconfitte elettorali pesanti, alle comunali e alle regionali, il problema del Pd non era, infatti, la conta interna tra gli iscritti, ma la capacit\u00e0 di recuperare credibilit\u00e0, fiducia e consenso tra gli elettori e nella citt\u00e0. Invece si \u00e8 scelta un\u2019altra strada, segnata da ambizioni e rivincite personali.\u00a0Il risultato \u00e8 sotto gli occhi di tutti: una partecipazione bassa, una mozione votata da pochi, coordinatori di circolo eletti con una manciata di voti. Solo due circoli superano il 50% di affluenza: Sant\u2019Orso, il circolo di Minardi, e Metaurilia\/Pontesasso.\u00a0<strong>Qualcuno dir\u00e0 che \u201cl\u2019operazione \u00e8 riuscita\u201d. Per\u00f2 viene da rispondere: s\u00ec, ma il paziente \u00e8 morto!\u00a0<\/strong>E allora la domanda \u00e8 inevitabile: <strong>ne valeva la pena?\u00a0<\/strong>Perch\u00e9 il Pd fanese oggi ne esce sfibrato, ancora pi\u00f9 diviso e meno credibile, quindi meno riconosciuto agli occhi degli alleati e ancor meno tra gli elettori e nella citt\u00e0.<\/p>\n<p style=\"text-align: justify;\">Viene quasi da dire che volevano il giocattolo e gli si \u00e8 rotto tra le mani.\u00a0Per questo rivendichiamo con ancora pi\u00f9 convinzione la scelta di non partecipare: non per sottrarci al confronto, ma per non legittimare un percorso che fin dall\u2019inizio abbiamo ritenuto sbagliato, a prescindere dall\u2019esito finale, perch\u00e9 anche vincere in queste condizioni divisive non avrebbe fatto bene al rilancio del PD fanese e al bene della nostra comunit\u00e0.\u00a0Perch\u00e9 se \u00e8 vero, come ha detto qualcuno, che \u201ci congressi non si vincono a tavolino\u201d, \u00e8 altrettanto vero che esperienza, senso di responsabilit\u00e0 e generosit\u00e0 avrebbero dovuto portare a sedersi a quel tavolo per cercare mediazioni lungimiranti, concentrando il confronto sulle idee e non piegandolo agli interessi personali.\u00a0Invece si \u00e8 voluto interrompere un percorso unitario in modo poco trasparente e con l\u2019esibizione ostentata delle firme.\u00a0Ma oggi, pi\u00f9 di ieri, resta aperta la vera questione: come ricostruire un Partito Democratico unito, credibile e capace di parlare alla citt\u00e0, che non sia ostaggio di logiche di rivincita o di inutili personalismi.<\/p>\n","protected":false},"excerpt":{"rendered":"<p>Solo il 44% degli iscritti vota la candidata unica: un congresso solitario consegna una segreteria debole, nata da una conta interna che divide e allontana il PD dalla citt\u00e0 I numeri finali parlano da soli: su 399 iscritti, nelle assemblee congressuali del PD Fano hanno votato in 184. Di questi, 176 a favore dell\u2019unica candidata, [&hellip;]<\/p>\n","protected":false},"author":11,"featured_media":35602,"comment_status":"closed","ping_status":"open","sticky":false,"template":"","format":"standard","meta":{"_jetpack_memberships_contains_paid_content":false,"footnotes":"","jetpack_publicize_message":"","jetpack_publicize_feature_enabled":true,"jetpack_social_post_already_shared":true,"jetpack_social_options":{"image_generator_settings":{"template":"highway","default_image_id":0,"font":"","enabled":false},"version":2}},"categories":[24,22],"tags":[2973,32,83],"class_list":{"0":"post-75254","1":"post","2":"type-post","3":"status-publish","4":"format-standard","5":"has-post-thumbnail","7":"category-news-dai-comuni","8":"category-politica","9":"tag-congresso","10":"tag-fano","11":"tag-pd"},"jetpack_publicize_connections":[],"jetpack_featured_media_url":"https:\/\/www.nonsoloflaminia.it\/wp-content\/uploads\/2022\/10\/fano-centro-storico-feat.jpg","jetpack_sharing_enabled":true,"_links":{"self":[{"href":"https:\/\/www.nonsoloflaminia.it\/index.php\/wp-json\/wp\/v2\/posts\/75254","targetHints":{"allow":["GET"]}}],"collection":[{"href":"https:\/\/www.nonsoloflaminia.it\/index.php\/wp-json\/wp\/v2\/posts"}],"about":[{"href":"https:\/\/www.nonsoloflaminia.it\/index.php\/wp-json\/wp\/v2\/types\/post"}],"author":[{"embeddable":true,"href":"https:\/\/www.nonsoloflaminia.it\/index.php\/wp-json\/wp\/v2\/users\/11"}],"replies":[{"embeddable":true,"href":"https:\/\/www.nonsoloflaminia.it\/index.php\/wp-json\/wp\/v2\/comments?post=75254"}],"version-history":[{"count":1,"href":"https:\/\/www.nonsoloflaminia.it\/index.php\/wp-json\/wp\/v2\/posts\/75254\/revisions"}],"predecessor-version":[{"id":75255,"href":"https:\/\/www.nonsoloflaminia.it\/index.php\/wp-json\/wp\/v2\/posts\/75254\/revisions\/75255"}],"wp:featuredmedia":[{"embeddable":true,"href":"https:\/\/www.nonsoloflaminia.it\/index.php\/wp-json\/wp\/v2\/media\/35602"}],"wp:attachment":[{"href":"https:\/\/www.nonsoloflaminia.it\/index.php\/wp-json\/wp\/v2\/media?parent=75254"}],"wp:term":[{"taxonomy":"category","embeddable":true,"href":"https:\/\/www.nonsoloflaminia.it\/index.php\/wp-json\/wp\/v2\/categories?post=75254"},{"taxonomy":"post_tag","embeddable":true,"href":"https:\/\/www.nonsoloflaminia.it\/index.php\/wp-json\/wp\/v2\/tags?post=75254"}],"curies":[{"name":"wp","href":"https:\/\/api.w.org\/{rel}","templated":true}]}}